{"id":3113,"date":"2024-09-13T13:56:48","date_gmt":"2024-09-13T11:56:48","guid":{"rendered":"https:\/\/www.bizz-magazin.de\/?p=3113"},"modified":"2024-09-13T13:57:12","modified_gmt":"2024-09-13T11:57:12","slug":"nacht-der-strassenkuenstler-am-27-september","status":"publish","type":"post","link":"https:\/\/www.bizz-magazin.de\/?p=3113","title":{"rendered":"NACHT DER STRASSENK\u00dcNSTLER AM 27. SEPTEMBER"},"content":{"rendered":"<p>Eine Show der Extraklasse bietet die \u201eNacht der Stra\u00dfenk\u00fcnstler\u201c. Atemberaubende Akrobatik, Variet\u00e9-K\u00fcnste und Comedy auf h\u00f6chstem Niveau werden die Einkaufsstra\u00dfen rund um die Robert-Koch-Stra\u00dfe und Marktlerstra\u00dfe und den Stadtplatz wieder in eine riesengro\u00dfe Zirkusb\u00fchne verwandeln.<\/p>\n<p>Internationale und vielfach ausgezeichnete Stra\u00dfenk\u00fcnstler sorgen am Freitag, 27. September, von 17 bis 22 Uhr f\u00fcr einen unvergesslichen Abend: Atemberaubende Artisten auf f\u00fcnf Schaupl\u00e4tzen, lebendige Walking Acts und mitrei\u00dfende Marching Bands pr\u00e4sentieren ein Spektakel f\u00fcr die ganze Familie. Die Gesch\u00e4fte \u00f6ffnen zudem bis 21 Uhr und laden zum abendlichen Shopping-Erlebnis ein.<\/p>\n","protected":false},"excerpt":{"rendered":"<p>Eine Show der Extraklasse bietet die \u201eNacht der Stra\u00dfenk\u00fcnstler\u201c. Atemberaubende Akrobatik, Variet\u00e9-K\u00fcnste und Comedy auf h\u00f6chstem Niveau werden die Einkaufsstra\u00dfen rund um die Robert-Koch-Stra\u00dfe und Marktlerstra\u00dfe und den Stadtplatz wieder in eine riesengro\u00dfe Zirkusb\u00fchne verwandeln. Internationale und vielfach ausgezeichnete Stra\u00dfenk\u00fcnstler sorgen am Freitag, 27. September, von 17 bis 22 Uhr f\u00fcr einen unvergesslichen Abend: Atemberaubende [&hellip;]<\/p>\n","protected":false},"author":1,"featured_media":3123,"comment_status":"closed","ping_status":"open","sticky":false,"template":"","format":"standard","meta":{"_et_pb_use_builder":"","_et_pb_old_content":"","_et_gb_content_width":"","footnotes":""},"categories":[9],"tags":[],"class_list":["post-3113","post","type-post","status-publish","format-standard","has-post-thumbnail","hentry","category-feste-maerkte-und-mehr","et-has-post-format-content","et_post_format-et-post-format-standard"],"yoast_head":"<!-- This site is optimized with the Yoast SEO plugin v27.5 - https:\/\/yoast.com\/product\/yoast-seo-wordpress\/ -->\n<title>NACHT DER STRASSENK\u00dcNSTLER AM 27. SEPTEMBER - BIZZ Magazin<\/title>\n<meta name=\"robots\" content=\"index, follow, max-snippet:-1, max-image-preview:large, max-video-preview:-1\" \/>\n<link rel=\"canonical\" href=\"https:\/\/www.bizz-magazin.de\/?p=3113\" \/>\n<meta property=\"og:locale\" content=\"de_DE\" \/>\n<meta property=\"og:type\" content=\"article\" \/>\n<meta property=\"og:title\" content=\"NACHT DER STRASSENK\u00dcNSTLER AM 27. SEPTEMBER - BIZZ Magazin\" \/>\n<meta property=\"og:description\" content=\"Eine Show der Extraklasse bietet die \u201eNacht der Stra\u00dfenk\u00fcnstler\u201c. Atemberaubende Akrobatik, Variet\u00e9-K\u00fcnste und Comedy auf h\u00f6chstem Niveau werden die Einkaufsstra\u00dfen rund um die Robert-Koch-Stra\u00dfe und Marktlerstra\u00dfe und den Stadtplatz wieder in eine riesengro\u00dfe Zirkusb\u00fchne verwandeln. Internationale und vielfach ausgezeichnete Stra\u00dfenk\u00fcnstler sorgen am Freitag, 27. September, von 17 bis 22 Uhr f\u00fcr einen unvergesslichen Abend: Atemberaubende [&hellip;]\" \/>\n<meta property=\"og:url\" content=\"https:\/\/www.bizz-magazin.de\/?p=3113\" \/>\n<meta property=\"og:site_name\" content=\"BIZZ Magazin\" \/>\n<meta property=\"article:publisher\" content=\"https:\/\/www.facebook.com\/bizzmagazin\" \/>\n<meta property=\"article:published_time\" content=\"2024-09-13T11:56:48+00:00\" \/>\n<meta property=\"article:modified_time\" content=\"2024-09-13T11:57:12+00:00\" \/>\n<meta property=\"og:image\" content=\"https:\/\/www.bizz-magazin.de\/wp-content\/uploads\/2023\/06\/NdS_23_Flare-Performance_HH-21-1024x683.jpg\" \/>\n\t<meta property=\"og:image:width\" content=\"1024\" \/>\n\t<meta property=\"og:image:height\" content=\"683\" \/>\n\t<meta property=\"og:image:type\" content=\"image\/jpeg\" \/>\n<meta name=\"author\" content=\"Matun\" \/>\n<meta name=\"twitter:card\" content=\"summary_large_image\" \/>\n<meta name=\"twitter:label1\" content=\"Verfasst von\" \/>\n\t<meta name=\"twitter:data1\" content=\"Matun\" \/>\n\t<meta name=\"twitter:label2\" content=\"Gesch\u00e4tzte Lesezeit\" \/>\n\t<meta name=\"twitter:data2\" content=\"1\u00a0Minute\" \/>\n<script type=\"application\/ld+json\" class=\"yoast-schema-graph\">{\"@context\":\"https:\\\/\\\/schema.org\",\"@graph\":[{\"@type\":\"Article\",\"@id\":\"https:\\\/\\\/www.bizz-magazin.de\\\/?p=3113#article\",\"isPartOf\":{\"@id\":\"https:\\\/\\\/www.bizz-magazin.de\\\/?p=3113\"},\"author\":{\"name\":\"Matun\",\"@id\":\"https:\\\/\\\/www.bizz-magazin.de\\\/#\\\/schema\\\/person\\\/df909ac2098b982f764cd5ecddc11cb2\"},\"headline\":\"NACHT DER STRASSENK\u00dcNSTLER AM 27. SEPTEMBER\",\"datePublished\":\"2024-09-13T11:56:48+00:00\",\"dateModified\":\"2024-09-13T11:57:12+00:00\",\"mainEntityOfPage\":{\"@id\":\"https:\\\/\\\/www.bizz-magazin.de\\\/?p=3113\"},\"wordCount\":107,\"publisher\":{\"@id\":\"https:\\\/\\\/www.bizz-magazin.de\\\/#organization\"},\"image\":{\"@id\":\"https:\\\/\\\/www.bizz-magazin.de\\\/?p=3113#primaryimage\"},\"thumbnailUrl\":\"https:\\\/\\\/www.bizz-magazin.de\\\/wp-content\\\/uploads\\\/2023\\\/06\\\/NdS_23_Flare-Performance_HH-21.jpg\",\"articleSection\":[\"Feste, M\u00e4rkte und mehr\"],\"inLanguage\":\"de\"},{\"@type\":\"WebPage\",\"@id\":\"https:\\\/\\\/www.bizz-magazin.de\\\/?p=3113\",\"url\":\"https:\\\/\\\/www.bizz-magazin.de\\\/?p=3113\",\"name\":\"NACHT DER STRASSENK\u00dcNSTLER AM 27. SEPTEMBER - BIZZ Magazin\",\"isPartOf\":{\"@id\":\"https:\\\/\\\/www.bizz-magazin.de\\\/#website\"},\"primaryImageOfPage\":{\"@id\":\"https:\\\/\\\/www.bizz-magazin.de\\\/?p=3113#primaryimage\"},\"image\":{\"@id\":\"https:\\\/\\\/www.bizz-magazin.de\\\/?p=3113#primaryimage\"},\"thumbnailUrl\":\"https:\\\/\\\/www.bizz-magazin.de\\\/wp-content\\\/uploads\\\/2023\\\/06\\\/NdS_23_Flare-Performance_HH-21.jpg\",\"datePublished\":\"2024-09-13T11:56:48+00:00\",\"dateModified\":\"2024-09-13T11:57:12+00:00\",\"breadcrumb\":{\"@id\":\"https:\\\/\\\/www.bizz-magazin.de\\\/?p=3113#breadcrumb\"},\"inLanguage\":\"de\",\"potentialAction\":[{\"@type\":\"ReadAction\",\"target\":[\"https:\\\/\\\/www.bizz-magazin.de\\\/?p=3113\"]}]},{\"@type\":\"ImageObject\",\"inLanguage\":\"de\",\"@id\":\"https:\\\/\\\/www.bizz-magazin.de\\\/?p=3113#primaryimage\",\"url\":\"https:\\\/\\\/www.bizz-magazin.de\\\/wp-content\\\/uploads\\\/2023\\\/06\\\/NdS_23_Flare-Performance_HH-21.jpg\",\"contentUrl\":\"https:\\\/\\\/www.bizz-magazin.de\\\/wp-content\\\/uploads\\\/2023\\\/06\\\/NdS_23_Flare-Performance_HH-21.jpg\",\"width\":2100,\"height\":1400},{\"@type\":\"BreadcrumbList\",\"@id\":\"https:\\\/\\\/www.bizz-magazin.de\\\/?p=3113#breadcrumb\",\"itemListElement\":[{\"@type\":\"ListItem\",\"position\":1,\"name\":\"Startseite\",\"item\":\"https:\\\/\\\/www.bizz-magazin.de\\\/\"},{\"@type\":\"ListItem\",\"position\":2,\"name\":\"NACHT DER STRASSENK\u00dcNSTLER AM 27. SEPTEMBER\"}]},{\"@type\":\"WebSite\",\"@id\":\"https:\\\/\\\/www.bizz-magazin.de\\\/#website\",\"url\":\"https:\\\/\\\/www.bizz-magazin.de\\\/\",\"name\":\"BIZZ Magazin\",\"description\":\"Das Familien.Erlebnis.Magazin\",\"publisher\":{\"@id\":\"https:\\\/\\\/www.bizz-magazin.de\\\/#organization\"},\"potentialAction\":[{\"@type\":\"SearchAction\",\"target\":{\"@type\":\"EntryPoint\",\"urlTemplate\":\"https:\\\/\\\/www.bizz-magazin.de\\\/?s={search_term_string}\"},\"query-input\":{\"@type\":\"PropertyValueSpecification\",\"valueRequired\":true,\"valueName\":\"search_term_string\"}}],\"inLanguage\":\"de\"},{\"@type\":\"Organization\",\"@id\":\"https:\\\/\\\/www.bizz-magazin.de\\\/#organization\",\"name\":\"BIZZ Magazin\",\"url\":\"https:\\\/\\\/www.bizz-magazin.de\\\/\",\"logo\":{\"@type\":\"ImageObject\",\"inLanguage\":\"de\",\"@id\":\"https:\\\/\\\/www.bizz-magazin.de\\\/#\\\/schema\\\/logo\\\/image\\\/\",\"url\":\"https:\\\/\\\/www.bizz-magazin.de\\\/wp-content\\\/uploads\\\/2020\\\/01\\\/BIZZ-Logo-2020_rot_15K.png\",\"contentUrl\":\"https:\\\/\\\/www.bizz-magazin.de\\\/wp-content\\\/uploads\\\/2020\\\/01\\\/BIZZ-Logo-2020_rot_15K.png\",\"width\":1986,\"height\":609,\"caption\":\"BIZZ Magazin\"},\"image\":{\"@id\":\"https:\\\/\\\/www.bizz-magazin.de\\\/#\\\/schema\\\/logo\\\/image\\\/\"},\"sameAs\":[\"https:\\\/\\\/www.facebook.com\\\/bizzmagazin\",\"https:\\\/\\\/www.instagram.com\\\/bizzmagazin\\\/\"]},{\"@type\":\"Person\",\"@id\":\"https:\\\/\\\/www.bizz-magazin.de\\\/#\\\/schema\\\/person\\\/df909ac2098b982f764cd5ecddc11cb2\",\"name\":\"Matun\",\"image\":{\"@type\":\"ImageObject\",\"inLanguage\":\"de\",\"@id\":\"https:\\\/\\\/secure.gravatar.com\\\/avatar\\\/5b7d795f03f5d88aad6ad36361b0acbe9dab77be833e5e5a350a6f68b69f50f4?s=96&d=mm&r=g\",\"url\":\"https:\\\/\\\/secure.gravatar.com\\\/avatar\\\/5b7d795f03f5d88aad6ad36361b0acbe9dab77be833e5e5a350a6f68b69f50f4?s=96&d=mm&r=g\",\"contentUrl\":\"https:\\\/\\\/secure.gravatar.com\\\/avatar\\\/5b7d795f03f5d88aad6ad36361b0acbe9dab77be833e5e5a350a6f68b69f50f4?s=96&d=mm&r=g\",\"caption\":\"Matun\"},\"url\":\"https:\\\/\\\/www.bizz-magazin.de\\\/?author=1\"}]}<\/script>\n<!-- \/ Yoast SEO plugin. -->","yoast_head_json":{"title":"NACHT DER STRASSENK\u00dcNSTLER AM 27. SEPTEMBER - BIZZ Magazin","robots":{"index":"index","follow":"follow","max-snippet":"max-snippet:-1","max-image-preview":"max-image-preview:large","max-video-preview":"max-video-preview:-1"},"canonical":"https:\/\/www.bizz-magazin.de\/?p=3113","og_locale":"de_DE","og_type":"article","og_title":"NACHT DER STRASSENK\u00dcNSTLER AM 27. SEPTEMBER - BIZZ Magazin","og_description":"Eine Show der Extraklasse bietet die \u201eNacht der Stra\u00dfenk\u00fcnstler\u201c. Atemberaubende Akrobatik, Variet\u00e9-K\u00fcnste und Comedy auf h\u00f6chstem Niveau werden die Einkaufsstra\u00dfen rund um die Robert-Koch-Stra\u00dfe und Marktlerstra\u00dfe und den Stadtplatz wieder in eine riesengro\u00dfe Zirkusb\u00fchne verwandeln. Internationale und vielfach ausgezeichnete Stra\u00dfenk\u00fcnstler sorgen am Freitag, 27. September, von 17 bis 22 Uhr f\u00fcr einen unvergesslichen Abend: Atemberaubende [&hellip;]","og_url":"https:\/\/www.bizz-magazin.de\/?p=3113","og_site_name":"BIZZ Magazin","article_publisher":"https:\/\/www.facebook.com\/bizzmagazin","article_published_time":"2024-09-13T11:56:48+00:00","article_modified_time":"2024-09-13T11:57:12+00:00","og_image":[{"width":1024,"height":683,"url":"https:\/\/www.bizz-magazin.de\/wp-content\/uploads\/2023\/06\/NdS_23_Flare-Performance_HH-21-1024x683.jpg","type":"image\/jpeg"}],"author":"Matun","twitter_card":"summary_large_image","twitter_misc":{"Verfasst von":"Matun","Gesch\u00e4tzte Lesezeit":"1\u00a0Minute"},"schema":{"@context":"https:\/\/schema.org","@graph":[{"@type":"Article","@id":"https:\/\/www.bizz-magazin.de\/?p=3113#article","isPartOf":{"@id":"https:\/\/www.bizz-magazin.de\/?p=3113"},"author":{"name":"Matun","@id":"https:\/\/www.bizz-magazin.de\/#\/schema\/person\/df909ac2098b982f764cd5ecddc11cb2"},"headline":"NACHT DER STRASSENK\u00dcNSTLER AM 27. SEPTEMBER","datePublished":"2024-09-13T11:56:48+00:00","dateModified":"2024-09-13T11:57:12+00:00","mainEntityOfPage":{"@id":"https:\/\/www.bizz-magazin.de\/?p=3113"},"wordCount":107,"publisher":{"@id":"https:\/\/www.bizz-magazin.de\/#organization"},"image":{"@id":"https:\/\/www.bizz-magazin.de\/?p=3113#primaryimage"},"thumbnailUrl":"https:\/\/www.bizz-magazin.de\/wp-content\/uploads\/2023\/06\/NdS_23_Flare-Performance_HH-21.jpg","articleSection":["Feste, M\u00e4rkte und mehr"],"inLanguage":"de"},{"@type":"WebPage","@id":"https:\/\/www.bizz-magazin.de\/?p=3113","url":"https:\/\/www.bizz-magazin.de\/?p=3113","name":"NACHT DER STRASSENK\u00dcNSTLER AM 27. SEPTEMBER - BIZZ Magazin","isPartOf":{"@id":"https:\/\/www.bizz-magazin.de\/#website"},"primaryImageOfPage":{"@id":"https:\/\/www.bizz-magazin.de\/?p=3113#primaryimage"},"image":{"@id":"https:\/\/www.bizz-magazin.de\/?p=3113#primaryimage"},"thumbnailUrl":"https:\/\/www.bizz-magazin.de\/wp-content\/uploads\/2023\/06\/NdS_23_Flare-Performance_HH-21.jpg","datePublished":"2024-09-13T11:56:48+00:00","dateModified":"2024-09-13T11:57:12+00:00","breadcrumb":{"@id":"https:\/\/www.bizz-magazin.de\/?p=3113#breadcrumb"},"inLanguage":"de","potentialAction":[{"@type":"ReadAction","target":["https:\/\/www.bizz-magazin.de\/?p=3113"]}]},{"@type":"ImageObject","inLanguage":"de","@id":"https:\/\/www.bizz-magazin.de\/?p=3113#primaryimage","url":"https:\/\/www.bizz-magazin.de\/wp-content\/uploads\/2023\/06\/NdS_23_Flare-Performance_HH-21.jpg","contentUrl":"https:\/\/www.bizz-magazin.de\/wp-content\/uploads\/2023\/06\/NdS_23_Flare-Performance_HH-21.jpg","width":2100,"height":1400},{"@type":"BreadcrumbList","@id":"https:\/\/www.bizz-magazin.de\/?p=3113#breadcrumb","itemListElement":[{"@type":"ListItem","position":1,"name":"Startseite","item":"https:\/\/www.bizz-magazin.de\/"},{"@type":"ListItem","position":2,"name":"NACHT DER STRASSENK\u00dcNSTLER AM 27. SEPTEMBER"}]},{"@type":"WebSite","@id":"https:\/\/www.bizz-magazin.de\/#website","url":"https:\/\/www.bizz-magazin.de\/","name":"BIZZ Magazin","description":"Das Familien.Erlebnis.Magazin","publisher":{"@id":"https:\/\/www.bizz-magazin.de\/#organization"},"potentialAction":[{"@type":"SearchAction","target":{"@type":"EntryPoint","urlTemplate":"https:\/\/www.bizz-magazin.de\/?s={search_term_string}"},"query-input":{"@type":"PropertyValueSpecification","valueRequired":true,"valueName":"search_term_string"}}],"inLanguage":"de"},{"@type":"Organization","@id":"https:\/\/www.bizz-magazin.de\/#organization","name":"BIZZ Magazin","url":"https:\/\/www.bizz-magazin.de\/","logo":{"@type":"ImageObject","inLanguage":"de","@id":"https:\/\/www.bizz-magazin.de\/#\/schema\/logo\/image\/","url":"https:\/\/www.bizz-magazin.de\/wp-content\/uploads\/2020\/01\/BIZZ-Logo-2020_rot_15K.png","contentUrl":"https:\/\/www.bizz-magazin.de\/wp-content\/uploads\/2020\/01\/BIZZ-Logo-2020_rot_15K.png","width":1986,"height":609,"caption":"BIZZ Magazin"},"image":{"@id":"https:\/\/www.bizz-magazin.de\/#\/schema\/logo\/image\/"},"sameAs":["https:\/\/www.facebook.com\/bizzmagazin","https:\/\/www.instagram.com\/bizzmagazin\/"]},{"@type":"Person","@id":"https:\/\/www.bizz-magazin.de\/#\/schema\/person\/df909ac2098b982f764cd5ecddc11cb2","name":"Matun","image":{"@type":"ImageObject","inLanguage":"de","@id":"https:\/\/secure.gravatar.com\/avatar\/5b7d795f03f5d88aad6ad36361b0acbe9dab77be833e5e5a350a6f68b69f50f4?s=96&d=mm&r=g","url":"https:\/\/secure.gravatar.com\/avatar\/5b7d795f03f5d88aad6ad36361b0acbe9dab77be833e5e5a350a6f68b69f50f4?s=96&d=mm&r=g","contentUrl":"https:\/\/secure.gravatar.com\/avatar\/5b7d795f03f5d88aad6ad36361b0acbe9dab77be833e5e5a350a6f68b69f50f4?s=96&d=mm&r=g","caption":"Matun"},"url":"https:\/\/www.bizz-magazin.de\/?author=1"}]}},"_links":{"self":[{"href":"https:\/\/www.bizz-magazin.de\/index.php?rest_route=\/wp\/v2\/posts\/3113","targetHints":{"allow":["GET"]}}],"collection":[{"href":"https:\/\/www.bizz-magazin.de\/index.php?rest_route=\/wp\/v2\/posts"}],"about":[{"href":"https:\/\/www.bizz-magazin.de\/index.php?rest_route=\/wp\/v2\/types\/post"}],"author":[{"embeddable":true,"href":"https:\/\/www.bizz-magazin.de\/index.php?rest_route=\/wp\/v2\/users\/1"}],"replies":[{"embeddable":true,"href":"https:\/\/www.bizz-magazin.de\/index.php?rest_route=%2Fwp%2Fv2%2Fcomments&post=3113"}],"version-history":[{"count":1,"href":"https:\/\/www.bizz-magazin.de\/index.php?rest_route=\/wp\/v2\/posts\/3113\/revisions"}],"predecessor-version":[{"id":3130,"href":"https:\/\/www.bizz-magazin.de\/index.php?rest_route=\/wp\/v2\/posts\/3113\/revisions\/3130"}],"wp:featuredmedia":[{"embeddable":true,"href":"https:\/\/www.bizz-magazin.de\/index.php?rest_route=\/wp\/v2\/media\/3123"}],"wp:attachment":[{"href":"https:\/\/www.bizz-magazin.de\/index.php?rest_route=%2Fwp%2Fv2%2Fmedia&parent=3113"}],"wp:term":[{"taxonomy":"category","embeddable":true,"href":"https:\/\/www.bizz-magazin.de\/index.php?rest_route=%2Fwp%2Fv2%2Fcategories&post=3113"},{"taxonomy":"post_tag","embeddable":true,"href":"https:\/\/www.bizz-magazin.de\/index.php?rest_route=%2Fwp%2Fv2%2Ftags&post=3113"}],"curies":[{"name":"wp","href":"https:\/\/api.w.org\/{rel}","templated":true}]}}