{"id":3088,"date":"2024-09-13T12:25:39","date_gmt":"2024-09-13T10:25:39","guid":{"rendered":"https:\/\/www.bizz-magazin.de\/?p=3088"},"modified":"2024-09-13T12:25:39","modified_gmt":"2024-09-13T10:25:39","slug":"zeitreise-fotografie-zwischen-gelebter-tradition-und-moderne","status":"publish","type":"post","link":"https:\/\/www.bizz-magazin.de\/?p=3088","title":{"rendered":"ZEITREISE. FOTOGRAFIE ZWISCHEN GELEBTER TRADITION UND MODERNE!"},"content":{"rendered":"<p><strong>Eine Sonderausstellung im Mozart-Wohnhaus vom 06.09. \u2014 31.12.24<\/strong><\/p>\n<p>\u201eZeitreise\u201c &#8211; ein spannungsgeladenes Ausstellungsprojekt im Rahmen der Kulturhauptstadt 2024 &#8211; macht Station in der Mozartstadt: Das Salzkammergut, einst Zentrum der Tradition und Hort lebendiger Inspiration f\u00fcr viele K\u00fcnstler, wird heute durch klischeehafte Bilder als Kulisse der Tourismus- und Freizeitindustrie gepr\u00e4gt. In einem \u00e4hnlichen Spannungsfeld bewegt sich der Mythos Mozart, der als Tourismusmagnet j\u00e4hrlich hunderttausende Besucher nach Salzburg lockt. Beim Projekt \u201eZeitreise\u201c kommentieren und interpretieren zeitgen\u00f6ssische Fotok\u00fcnstler historische Aufnahmen aus dem Salzkammergut und aus dem Archiv der Stiftung Mozarteum und den Sammlungen der Museen, schaffen eine Verbindung von Tradition und Klischee zur aktuellen Fotokunst und er\u00f6ffnen neue Blickwinkel auf die Themen Tourismus und Mozart zwischen Tradition, Innovation, nachhaltiger Kulturarbeit und Vermarktung.<\/p>\n<p><a href=\"http:\/\/www.mozarteum.at\/mozart-museen\">www.mozarteum.at\/mozart-museen<\/a><\/p>\n<p>\u00a9 Patrick Lambertz<\/p>\n","protected":false},"excerpt":{"rendered":"<p>Eine Sonderausstellung im Mozart-Wohnhaus vom 06.09. \u2014 31.12.24 \u201eZeitreise\u201c &#8211; ein spannungsgeladenes Ausstellungsprojekt im Rahmen der Kulturhauptstadt 2024 &#8211; macht Station in der Mozartstadt: Das Salzkammergut, einst Zentrum der Tradition und Hort lebendiger Inspiration f\u00fcr viele K\u00fcnstler, wird heute durch klischeehafte Bilder als Kulisse der Tourismus- und Freizeitindustrie gepr\u00e4gt. In einem \u00e4hnlichen Spannungsfeld bewegt sich [&hellip;]<\/p>\n","protected":false},"author":1,"featured_media":3089,"comment_status":"closed","ping_status":"open","sticky":false,"template":"","format":"standard","meta":{"_et_pb_use_builder":"","_et_pb_old_content":"","_et_gb_content_width":"","footnotes":""},"categories":[8],"tags":[],"class_list":["post-3088","post","type-post","status-publish","format-standard","has-post-thumbnail","hentry","category-kultur-fuer-die-familie","et-has-post-format-content","et_post_format-et-post-format-standard"],"yoast_head":"<!-- This site is optimized with the Yoast SEO plugin v27.5 - https:\/\/yoast.com\/product\/yoast-seo-wordpress\/ -->\n<title>ZEITREISE. FOTOGRAFIE ZWISCHEN GELEBTER TRADITION UND MODERNE! - BIZZ Magazin<\/title>\n<meta name=\"robots\" content=\"index, follow, max-snippet:-1, max-image-preview:large, max-video-preview:-1\" \/>\n<link rel=\"canonical\" href=\"https:\/\/www.bizz-magazin.de\/?p=3088\" \/>\n<meta property=\"og:locale\" content=\"de_DE\" \/>\n<meta property=\"og:type\" content=\"article\" \/>\n<meta property=\"og:title\" content=\"ZEITREISE. FOTOGRAFIE ZWISCHEN GELEBTER TRADITION UND MODERNE! - BIZZ Magazin\" \/>\n<meta property=\"og:description\" content=\"Eine Sonderausstellung im Mozart-Wohnhaus vom 06.09. \u2014 31.12.24 \u201eZeitreise\u201c &#8211; ein spannungsgeladenes Ausstellungsprojekt im Rahmen der Kulturhauptstadt 2024 &#8211; macht Station in der Mozartstadt: Das Salzkammergut, einst Zentrum der Tradition und Hort lebendiger Inspiration f\u00fcr viele K\u00fcnstler, wird heute durch klischeehafte Bilder als Kulisse der Tourismus- und Freizeitindustrie gepr\u00e4gt. In einem \u00e4hnlichen Spannungsfeld bewegt sich [&hellip;]\" \/>\n<meta property=\"og:url\" content=\"https:\/\/www.bizz-magazin.de\/?p=3088\" \/>\n<meta property=\"og:site_name\" content=\"BIZZ Magazin\" \/>\n<meta property=\"article:publisher\" content=\"https:\/\/www.facebook.com\/bizzmagazin\" \/>\n<meta property=\"article:published_time\" content=\"2024-09-13T10:25:39+00:00\" \/>\n<meta property=\"og:image\" content=\"https:\/\/www.bizz-magazin.de\/wp-content\/uploads\/2024\/09\/Zeitreise_Mozarts-Geburtshaus_c_Patrick-Lambertz-scaled.jpg\" \/>\n\t<meta property=\"og:image:width\" content=\"2560\" \/>\n\t<meta property=\"og:image:height\" content=\"1578\" \/>\n\t<meta property=\"og:image:type\" content=\"image\/jpeg\" \/>\n<meta name=\"author\" content=\"Matun\" \/>\n<meta name=\"twitter:card\" content=\"summary_large_image\" \/>\n<meta name=\"twitter:label1\" content=\"Verfasst von\" \/>\n\t<meta name=\"twitter:data1\" content=\"Matun\" \/>\n\t<meta name=\"twitter:label2\" content=\"Gesch\u00e4tzte Lesezeit\" \/>\n\t<meta name=\"twitter:data2\" content=\"1\u00a0Minute\" \/>\n<script type=\"application\/ld+json\" class=\"yoast-schema-graph\">{\"@context\":\"https:\\\/\\\/schema.org\",\"@graph\":[{\"@type\":\"Article\",\"@id\":\"https:\\\/\\\/www.bizz-magazin.de\\\/?p=3088#article\",\"isPartOf\":{\"@id\":\"https:\\\/\\\/www.bizz-magazin.de\\\/?p=3088\"},\"author\":{\"name\":\"Matun\",\"@id\":\"https:\\\/\\\/www.bizz-magazin.de\\\/#\\\/schema\\\/person\\\/df909ac2098b982f764cd5ecddc11cb2\"},\"headline\":\"ZEITREISE. FOTOGRAFIE ZWISCHEN GELEBTER TRADITION UND MODERNE!\",\"datePublished\":\"2024-09-13T10:25:39+00:00\",\"mainEntityOfPage\":{\"@id\":\"https:\\\/\\\/www.bizz-magazin.de\\\/?p=3088\"},\"wordCount\":135,\"publisher\":{\"@id\":\"https:\\\/\\\/www.bizz-magazin.de\\\/#organization\"},\"image\":{\"@id\":\"https:\\\/\\\/www.bizz-magazin.de\\\/?p=3088#primaryimage\"},\"thumbnailUrl\":\"https:\\\/\\\/www.bizz-magazin.de\\\/wp-content\\\/uploads\\\/2024\\\/09\\\/Zeitreise_Mozarts-Geburtshaus_c_Patrick-Lambertz-scaled.jpg\",\"articleSection\":[\"Kultur f\u00fcr die Familie\"],\"inLanguage\":\"de\"},{\"@type\":\"WebPage\",\"@id\":\"https:\\\/\\\/www.bizz-magazin.de\\\/?p=3088\",\"url\":\"https:\\\/\\\/www.bizz-magazin.de\\\/?p=3088\",\"name\":\"ZEITREISE. FOTOGRAFIE ZWISCHEN GELEBTER TRADITION UND MODERNE! - BIZZ Magazin\",\"isPartOf\":{\"@id\":\"https:\\\/\\\/www.bizz-magazin.de\\\/#website\"},\"primaryImageOfPage\":{\"@id\":\"https:\\\/\\\/www.bizz-magazin.de\\\/?p=3088#primaryimage\"},\"image\":{\"@id\":\"https:\\\/\\\/www.bizz-magazin.de\\\/?p=3088#primaryimage\"},\"thumbnailUrl\":\"https:\\\/\\\/www.bizz-magazin.de\\\/wp-content\\\/uploads\\\/2024\\\/09\\\/Zeitreise_Mozarts-Geburtshaus_c_Patrick-Lambertz-scaled.jpg\",\"datePublished\":\"2024-09-13T10:25:39+00:00\",\"breadcrumb\":{\"@id\":\"https:\\\/\\\/www.bizz-magazin.de\\\/?p=3088#breadcrumb\"},\"inLanguage\":\"de\",\"potentialAction\":[{\"@type\":\"ReadAction\",\"target\":[\"https:\\\/\\\/www.bizz-magazin.de\\\/?p=3088\"]}]},{\"@type\":\"ImageObject\",\"inLanguage\":\"de\",\"@id\":\"https:\\\/\\\/www.bizz-magazin.de\\\/?p=3088#primaryimage\",\"url\":\"https:\\\/\\\/www.bizz-magazin.de\\\/wp-content\\\/uploads\\\/2024\\\/09\\\/Zeitreise_Mozarts-Geburtshaus_c_Patrick-Lambertz-scaled.jpg\",\"contentUrl\":\"https:\\\/\\\/www.bizz-magazin.de\\\/wp-content\\\/uploads\\\/2024\\\/09\\\/Zeitreise_Mozarts-Geburtshaus_c_Patrick-Lambertz-scaled.jpg\",\"width\":2560,\"height\":1578},{\"@type\":\"BreadcrumbList\",\"@id\":\"https:\\\/\\\/www.bizz-magazin.de\\\/?p=3088#breadcrumb\",\"itemListElement\":[{\"@type\":\"ListItem\",\"position\":1,\"name\":\"Startseite\",\"item\":\"https:\\\/\\\/www.bizz-magazin.de\\\/\"},{\"@type\":\"ListItem\",\"position\":2,\"name\":\"ZEITREISE. FOTOGRAFIE ZWISCHEN GELEBTER TRADITION UND MODERNE!\"}]},{\"@type\":\"WebSite\",\"@id\":\"https:\\\/\\\/www.bizz-magazin.de\\\/#website\",\"url\":\"https:\\\/\\\/www.bizz-magazin.de\\\/\",\"name\":\"BIZZ Magazin\",\"description\":\"Das Familien.Erlebnis.Magazin\",\"publisher\":{\"@id\":\"https:\\\/\\\/www.bizz-magazin.de\\\/#organization\"},\"potentialAction\":[{\"@type\":\"SearchAction\",\"target\":{\"@type\":\"EntryPoint\",\"urlTemplate\":\"https:\\\/\\\/www.bizz-magazin.de\\\/?s={search_term_string}\"},\"query-input\":{\"@type\":\"PropertyValueSpecification\",\"valueRequired\":true,\"valueName\":\"search_term_string\"}}],\"inLanguage\":\"de\"},{\"@type\":\"Organization\",\"@id\":\"https:\\\/\\\/www.bizz-magazin.de\\\/#organization\",\"name\":\"BIZZ Magazin\",\"url\":\"https:\\\/\\\/www.bizz-magazin.de\\\/\",\"logo\":{\"@type\":\"ImageObject\",\"inLanguage\":\"de\",\"@id\":\"https:\\\/\\\/www.bizz-magazin.de\\\/#\\\/schema\\\/logo\\\/image\\\/\",\"url\":\"https:\\\/\\\/www.bizz-magazin.de\\\/wp-content\\\/uploads\\\/2020\\\/01\\\/BIZZ-Logo-2020_rot_15K.png\",\"contentUrl\":\"https:\\\/\\\/www.bizz-magazin.de\\\/wp-content\\\/uploads\\\/2020\\\/01\\\/BIZZ-Logo-2020_rot_15K.png\",\"width\":1986,\"height\":609,\"caption\":\"BIZZ Magazin\"},\"image\":{\"@id\":\"https:\\\/\\\/www.bizz-magazin.de\\\/#\\\/schema\\\/logo\\\/image\\\/\"},\"sameAs\":[\"https:\\\/\\\/www.facebook.com\\\/bizzmagazin\",\"https:\\\/\\\/www.instagram.com\\\/bizzmagazin\\\/\"]},{\"@type\":\"Person\",\"@id\":\"https:\\\/\\\/www.bizz-magazin.de\\\/#\\\/schema\\\/person\\\/df909ac2098b982f764cd5ecddc11cb2\",\"name\":\"Matun\",\"image\":{\"@type\":\"ImageObject\",\"inLanguage\":\"de\",\"@id\":\"https:\\\/\\\/secure.gravatar.com\\\/avatar\\\/5b7d795f03f5d88aad6ad36361b0acbe9dab77be833e5e5a350a6f68b69f50f4?s=96&d=mm&r=g\",\"url\":\"https:\\\/\\\/secure.gravatar.com\\\/avatar\\\/5b7d795f03f5d88aad6ad36361b0acbe9dab77be833e5e5a350a6f68b69f50f4?s=96&d=mm&r=g\",\"contentUrl\":\"https:\\\/\\\/secure.gravatar.com\\\/avatar\\\/5b7d795f03f5d88aad6ad36361b0acbe9dab77be833e5e5a350a6f68b69f50f4?s=96&d=mm&r=g\",\"caption\":\"Matun\"},\"url\":\"https:\\\/\\\/www.bizz-magazin.de\\\/?author=1\"}]}<\/script>\n<!-- \/ Yoast SEO plugin. -->","yoast_head_json":{"title":"ZEITREISE. FOTOGRAFIE ZWISCHEN GELEBTER TRADITION UND MODERNE! - BIZZ Magazin","robots":{"index":"index","follow":"follow","max-snippet":"max-snippet:-1","max-image-preview":"max-image-preview:large","max-video-preview":"max-video-preview:-1"},"canonical":"https:\/\/www.bizz-magazin.de\/?p=3088","og_locale":"de_DE","og_type":"article","og_title":"ZEITREISE. FOTOGRAFIE ZWISCHEN GELEBTER TRADITION UND MODERNE! - BIZZ Magazin","og_description":"Eine Sonderausstellung im Mozart-Wohnhaus vom 06.09. \u2014 31.12.24 \u201eZeitreise\u201c &#8211; ein spannungsgeladenes Ausstellungsprojekt im Rahmen der Kulturhauptstadt 2024 &#8211; macht Station in der Mozartstadt: Das Salzkammergut, einst Zentrum der Tradition und Hort lebendiger Inspiration f\u00fcr viele K\u00fcnstler, wird heute durch klischeehafte Bilder als Kulisse der Tourismus- und Freizeitindustrie gepr\u00e4gt. In einem \u00e4hnlichen Spannungsfeld bewegt sich [&hellip;]","og_url":"https:\/\/www.bizz-magazin.de\/?p=3088","og_site_name":"BIZZ Magazin","article_publisher":"https:\/\/www.facebook.com\/bizzmagazin","article_published_time":"2024-09-13T10:25:39+00:00","og_image":[{"width":2560,"height":1578,"url":"https:\/\/www.bizz-magazin.de\/wp-content\/uploads\/2024\/09\/Zeitreise_Mozarts-Geburtshaus_c_Patrick-Lambertz-scaled.jpg","type":"image\/jpeg"}],"author":"Matun","twitter_card":"summary_large_image","twitter_misc":{"Verfasst von":"Matun","Gesch\u00e4tzte Lesezeit":"1\u00a0Minute"},"schema":{"@context":"https:\/\/schema.org","@graph":[{"@type":"Article","@id":"https:\/\/www.bizz-magazin.de\/?p=3088#article","isPartOf":{"@id":"https:\/\/www.bizz-magazin.de\/?p=3088"},"author":{"name":"Matun","@id":"https:\/\/www.bizz-magazin.de\/#\/schema\/person\/df909ac2098b982f764cd5ecddc11cb2"},"headline":"ZEITREISE. FOTOGRAFIE ZWISCHEN GELEBTER TRADITION UND MODERNE!","datePublished":"2024-09-13T10:25:39+00:00","mainEntityOfPage":{"@id":"https:\/\/www.bizz-magazin.de\/?p=3088"},"wordCount":135,"publisher":{"@id":"https:\/\/www.bizz-magazin.de\/#organization"},"image":{"@id":"https:\/\/www.bizz-magazin.de\/?p=3088#primaryimage"},"thumbnailUrl":"https:\/\/www.bizz-magazin.de\/wp-content\/uploads\/2024\/09\/Zeitreise_Mozarts-Geburtshaus_c_Patrick-Lambertz-scaled.jpg","articleSection":["Kultur f\u00fcr die Familie"],"inLanguage":"de"},{"@type":"WebPage","@id":"https:\/\/www.bizz-magazin.de\/?p=3088","url":"https:\/\/www.bizz-magazin.de\/?p=3088","name":"ZEITREISE. FOTOGRAFIE ZWISCHEN GELEBTER TRADITION UND MODERNE! - BIZZ Magazin","isPartOf":{"@id":"https:\/\/www.bizz-magazin.de\/#website"},"primaryImageOfPage":{"@id":"https:\/\/www.bizz-magazin.de\/?p=3088#primaryimage"},"image":{"@id":"https:\/\/www.bizz-magazin.de\/?p=3088#primaryimage"},"thumbnailUrl":"https:\/\/www.bizz-magazin.de\/wp-content\/uploads\/2024\/09\/Zeitreise_Mozarts-Geburtshaus_c_Patrick-Lambertz-scaled.jpg","datePublished":"2024-09-13T10:25:39+00:00","breadcrumb":{"@id":"https:\/\/www.bizz-magazin.de\/?p=3088#breadcrumb"},"inLanguage":"de","potentialAction":[{"@type":"ReadAction","target":["https:\/\/www.bizz-magazin.de\/?p=3088"]}]},{"@type":"ImageObject","inLanguage":"de","@id":"https:\/\/www.bizz-magazin.de\/?p=3088#primaryimage","url":"https:\/\/www.bizz-magazin.de\/wp-content\/uploads\/2024\/09\/Zeitreise_Mozarts-Geburtshaus_c_Patrick-Lambertz-scaled.jpg","contentUrl":"https:\/\/www.bizz-magazin.de\/wp-content\/uploads\/2024\/09\/Zeitreise_Mozarts-Geburtshaus_c_Patrick-Lambertz-scaled.jpg","width":2560,"height":1578},{"@type":"BreadcrumbList","@id":"https:\/\/www.bizz-magazin.de\/?p=3088#breadcrumb","itemListElement":[{"@type":"ListItem","position":1,"name":"Startseite","item":"https:\/\/www.bizz-magazin.de\/"},{"@type":"ListItem","position":2,"name":"ZEITREISE. FOTOGRAFIE ZWISCHEN GELEBTER TRADITION UND MODERNE!"}]},{"@type":"WebSite","@id":"https:\/\/www.bizz-magazin.de\/#website","url":"https:\/\/www.bizz-magazin.de\/","name":"BIZZ Magazin","description":"Das Familien.Erlebnis.Magazin","publisher":{"@id":"https:\/\/www.bizz-magazin.de\/#organization"},"potentialAction":[{"@type":"SearchAction","target":{"@type":"EntryPoint","urlTemplate":"https:\/\/www.bizz-magazin.de\/?s={search_term_string}"},"query-input":{"@type":"PropertyValueSpecification","valueRequired":true,"valueName":"search_term_string"}}],"inLanguage":"de"},{"@type":"Organization","@id":"https:\/\/www.bizz-magazin.de\/#organization","name":"BIZZ Magazin","url":"https:\/\/www.bizz-magazin.de\/","logo":{"@type":"ImageObject","inLanguage":"de","@id":"https:\/\/www.bizz-magazin.de\/#\/schema\/logo\/image\/","url":"https:\/\/www.bizz-magazin.de\/wp-content\/uploads\/2020\/01\/BIZZ-Logo-2020_rot_15K.png","contentUrl":"https:\/\/www.bizz-magazin.de\/wp-content\/uploads\/2020\/01\/BIZZ-Logo-2020_rot_15K.png","width":1986,"height":609,"caption":"BIZZ Magazin"},"image":{"@id":"https:\/\/www.bizz-magazin.de\/#\/schema\/logo\/image\/"},"sameAs":["https:\/\/www.facebook.com\/bizzmagazin","https:\/\/www.instagram.com\/bizzmagazin\/"]},{"@type":"Person","@id":"https:\/\/www.bizz-magazin.de\/#\/schema\/person\/df909ac2098b982f764cd5ecddc11cb2","name":"Matun","image":{"@type":"ImageObject","inLanguage":"de","@id":"https:\/\/secure.gravatar.com\/avatar\/5b7d795f03f5d88aad6ad36361b0acbe9dab77be833e5e5a350a6f68b69f50f4?s=96&d=mm&r=g","url":"https:\/\/secure.gravatar.com\/avatar\/5b7d795f03f5d88aad6ad36361b0acbe9dab77be833e5e5a350a6f68b69f50f4?s=96&d=mm&r=g","contentUrl":"https:\/\/secure.gravatar.com\/avatar\/5b7d795f03f5d88aad6ad36361b0acbe9dab77be833e5e5a350a6f68b69f50f4?s=96&d=mm&r=g","caption":"Matun"},"url":"https:\/\/www.bizz-magazin.de\/?author=1"}]}},"_links":{"self":[{"href":"https:\/\/www.bizz-magazin.de\/index.php?rest_route=\/wp\/v2\/posts\/3088","targetHints":{"allow":["GET"]}}],"collection":[{"href":"https:\/\/www.bizz-magazin.de\/index.php?rest_route=\/wp\/v2\/posts"}],"about":[{"href":"https:\/\/www.bizz-magazin.de\/index.php?rest_route=\/wp\/v2\/types\/post"}],"author":[{"embeddable":true,"href":"https:\/\/www.bizz-magazin.de\/index.php?rest_route=\/wp\/v2\/users\/1"}],"replies":[{"embeddable":true,"href":"https:\/\/www.bizz-magazin.de\/index.php?rest_route=%2Fwp%2Fv2%2Fcomments&post=3088"}],"version-history":[{"count":1,"href":"https:\/\/www.bizz-magazin.de\/index.php?rest_route=\/wp\/v2\/posts\/3088\/revisions"}],"predecessor-version":[{"id":3090,"href":"https:\/\/www.bizz-magazin.de\/index.php?rest_route=\/wp\/v2\/posts\/3088\/revisions\/3090"}],"wp:featuredmedia":[{"embeddable":true,"href":"https:\/\/www.bizz-magazin.de\/index.php?rest_route=\/wp\/v2\/media\/3089"}],"wp:attachment":[{"href":"https:\/\/www.bizz-magazin.de\/index.php?rest_route=%2Fwp%2Fv2%2Fmedia&parent=3088"}],"wp:term":[{"taxonomy":"category","embeddable":true,"href":"https:\/\/www.bizz-magazin.de\/index.php?rest_route=%2Fwp%2Fv2%2Fcategories&post=3088"},{"taxonomy":"post_tag","embeddable":true,"href":"https:\/\/www.bizz-magazin.de\/index.php?rest_route=%2Fwp%2Fv2%2Ftags&post=3088"}],"curies":[{"name":"wp","href":"https:\/\/api.w.org\/{rel}","templated":true}]}}