{"id":1675,"date":"2020-07-24T12:00:10","date_gmt":"2020-07-24T10:00:10","guid":{"rendered":"https:\/\/www.bizz-magazin.de\/?p=1675"},"modified":"2021-05-28T14:48:55","modified_gmt":"2021-05-28T12:48:55","slug":"familienprogramm-im-haus-der-bayerischen-geschichte","status":"publish","type":"post","link":"https:\/\/www.bizz-magazin.de\/?p=1675","title":{"rendered":"Willkommen im Haus der Bayerischen Geschichte"},"content":{"rendered":"<p>[et_pb_section fb_built=&#8220;1&#8243; _builder_version=&#8220;4.2.1&#8243;][et_pb_row _builder_version=&#8220;4.2.1&#8243;][et_pb_column type=&#8220;4_4&#8243; _builder_version=&#8220;4.2.1&#8243;][et_pb_text admin_label=&#8220;Untertitel&#8220; _builder_version=&#8220;4.9.4&#8243; hover_enabled=&#8220;0&#8243; sticky_enabled=&#8220;0&#8243;]<\/p>\n<h4>Es ist das neue Tor zur UNESCO-Welterbestadt Regensburg: Das Haus der Bayerischen Geschichte wurde im Juni 2019 er\u00f6ffnet und zeigt die Entstehung des modernen Bayerns. Im lichtdurchfluteten Foyer begr\u00fc\u00dft ein \u00fcber vier Meter gro\u00dfer L\u00f6we die Besucher. Das Foyer ist kostenfrei zug\u00e4nglich und dient als Flaniermeile zwischen Altstadt und Donau.<\/h4>\n<p>[\/et_pb_text][et_pb_text admin_label=&#8220;Text Bold&#8220; _builder_version=&#8220;4.9.4&#8243; text_orientation=&#8220;justified&#8220; hover_enabled=&#8220;0&#8243; sticky_enabled=&#8220;0&#8243;]<\/p>\n<p><strong><img loading=\"lazy\" decoding=\"async\" class=\"wp-image-1793  alignleft\" src=\"https:\/\/www.bizz-magazin.de\/wp-content\/uploads\/2020\/07\/CSSPComp_300dpi_Presse.jpg\" alt=\"\" width=\"255\" height=\"140\" \/>Kostenfreies Foyer<\/strong><\/p>\n<p>Ein spektakul\u00e4rer Film erwartet die Besucher im Panorama-Raum: Die bayerischen Kabarettisten und Schauspieler Christoph S\u00fc\u00df und Christian Springer entf\u00fchren das Publikum ins Regensburg vergangener Epochen \u2013 humorig und hintergr\u00fcndig. F\u00fcr den 25min\u00fctigen Film ist kein Eintritt zu entrichten. Er ist der ideale Einstieg sowohl in den Besuch der Dauerausstellung, als auch der Regensburger Altstadt. Ein Laden und ein bayerisches Wirtshaus runden das Angebot des Hauses der Bayerischen Geschichte im Foyer ab.<\/p>\n<p>&nbsp;<\/p>\n<p><strong>Die Dauerausstellung \u201eWie Bayern Freistaat wurde und was ihn so besonders macht\u201c<\/strong><\/p>\n<p>Die Dauerausstellung im Obergeschoss des Museums pr\u00e4sentiert die Geschichte Bayerns vom K\u00f6nigreich 1806 bis heute. Der chronologische Rundgang wird von acht Kulturkabinetten flankiert, die im weitesten Sinn kulturelle Ph\u00e4nomene und Klischees hinterfragen, die besonders mit Bayern verbunden werden &#8211; vom Dialekt \u00fcber Feste und Religion bis zur Natur. Wie bedroht ist das Idyll, wie katholisch sind die Bayern wirklich, wie sieht das typisch bayerische Bauwerk aus?<\/p>\n<p>&nbsp;<\/p>\n<p><strong>Sonderausstellung im Museum: \u201eTempo, Tempo \u2013 Bayern in den 1920ern\u201c<\/strong><\/p>\n<p>Ab 26. September 2020 hei\u00dft es dann mit der neuen Bayernausstellung \u201eTempo, Tempo \u2013 Bayern in den 1920ern\u201c. Tauchen Sie mit uns ein in dieses kontroverse Jahrzehnt des Auf- und Umbruchs!<\/p>\n<p>Die 1920er im Donausaal \u2013 eine H\u00e4lfte Ausstellung, eine H\u00e4lfte gro\u00dfes Kino. Im 30min\u00fctigen Film \u201eWartesaal. Das Schauspiel zur Ausstellung\u201c begegnen sich Schauspieler und Kabarettisten wie Christoph S\u00fc\u00df, Max Uthoff, Luise Kinseher, Helmut Schleich und Christian Springer. Vom Beamten bis zum \u00e4rmlichen Soldaten, von der kr\u00e4nklichen jungen Frau bis zum feinen Herrn, vom polternden Bayern bis hin zur Fotografin schl\u00fcpfen sie in die unterschiedlichsten Rollen und sind der Gesellschaft jenes aufreibenden Jahrzehntes entsprungen. Mit dabei auch ein alter Bekannter: Karl Valentin gibt sich ebenfalls die Ehre.<\/p>\n<p>&nbsp;<\/p>\n<p><strong>Bayerische Landesausstellung 2021 \u201eG\u00f6tterd\u00e4mmerung II &#8211; Die letzten Monarchen\u201c<\/strong><\/p>\n<p>Einen Ausflug wert ist sicherlich auch die Bayerische Landesausstellung 2021 zu sehen von 7. Mai bis 31. Oktober 2021 in den Rohbaur\u00e4umen des neuen Schlosses Herrenchiemsee. Die Ausstellung erz\u00e4hlt vom Lebensgef\u00fchl und den Schicksalen der letzten Herrschergeneration vor der Revolution 1918. Unter anderem von Kaiserin Elisabeth von \u00d6sterreich (\u201eSisi\u201c), Prinzregent Luitpold von Bayern sowie Queen Victoria von Gro\u00dfbritannien und Irland. Mit der Kombikarte kann nicht nur die Bayerische Landesausstellung besucht werden, sondern auch Schloss Herrenchiemsee und das Ludwig-II-Museum im Schloss!<\/p>\n<p>&nbsp;<\/p>\n<h4><strong>Mehr Informationen: <a href=\"http:\/\/www.hdbg.de\">www.hdbg.de<\/a><\/strong><\/h4>\n<p>[\/et_pb_text][\/et_pb_column][\/et_pb_row][\/et_pb_section]<\/p>\n","protected":false},"excerpt":{"rendered":"<p>Es ist das neue Tor zur UNESCO-Welterbestadt Regensburg: Das Haus der Bayerischen Geschichte wurde im Juni 2019 er\u00f6ffnet und zeigt die Entstehung des modernen Bayerns. Im lichtdurchfluteten Foyer begr\u00fc\u00dft ein \u00fcber vier Meter gro\u00dfer L\u00f6we die Besucher. Das Foyer ist kostenfrei zug\u00e4nglich und dient als Flaniermeile zwischen Altstadt und Donau.Kostenfreies Foyer Ein spektakul\u00e4rer Film erwartet [&hellip;]<\/p>\n","protected":false},"author":2,"featured_media":1792,"comment_status":"closed","ping_status":"open","sticky":false,"template":"","format":"standard","meta":{"_et_pb_use_builder":"on","_et_pb_old_content":"","_et_gb_content_width":"","footnotes":""},"categories":[8],"tags":[],"class_list":["post-1675","post","type-post","status-publish","format-standard","has-post-thumbnail","hentry","category-kultur-fuer-die-familie","et-has-post-format-content","et_post_format-et-post-format-standard"],"yoast_head":"<!-- This site is optimized with the Yoast SEO plugin v27.5 - https:\/\/yoast.com\/product\/yoast-seo-wordpress\/ -->\n<title>Willkommen im Haus der Bayerischen Geschichte - BIZZ Magazin<\/title>\n<meta name=\"robots\" content=\"index, follow, max-snippet:-1, max-image-preview:large, max-video-preview:-1\" \/>\n<link rel=\"canonical\" href=\"https:\/\/www.bizz-magazin.de\/?p=1675\" \/>\n<meta property=\"og:locale\" content=\"de_DE\" \/>\n<meta property=\"og:type\" content=\"article\" \/>\n<meta property=\"og:title\" content=\"Willkommen im Haus der Bayerischen Geschichte - BIZZ Magazin\" \/>\n<meta property=\"og:description\" content=\"Es ist das neue Tor zur UNESCO-Welterbestadt Regensburg: Das Haus der Bayerischen Geschichte wurde im Juni 2019 er\u00f6ffnet und zeigt die Entstehung des modernen Bayerns. Im lichtdurchfluteten Foyer begr\u00fc\u00dft ein \u00fcber vier Meter gro\u00dfer L\u00f6we die Besucher. Das Foyer ist kostenfrei zug\u00e4nglich und dient als Flaniermeile zwischen Altstadt und Donau.Kostenfreies Foyer Ein spektakul\u00e4rer Film erwartet [&hellip;]\" \/>\n<meta property=\"og:url\" content=\"https:\/\/www.bizz-magazin.de\/?p=1675\" \/>\n<meta property=\"og:site_name\" content=\"BIZZ Magazin\" \/>\n<meta property=\"article:publisher\" content=\"https:\/\/www.facebook.com\/bizzmagazin\" \/>\n<meta property=\"article:published_time\" content=\"2020-07-24T10:00:10+00:00\" \/>\n<meta property=\"article:modified_time\" content=\"2021-05-28T12:48:55+00:00\" \/>\n<meta property=\"og:image\" content=\"https:\/\/www.bizz-magazin.de\/wp-content\/uploads\/2020\/07\/AL-0014_klein.jpg\" \/>\n\t<meta property=\"og:image:width\" content=\"2303\" \/>\n\t<meta property=\"og:image:height\" content=\"1535\" \/>\n\t<meta property=\"og:image:type\" content=\"image\/jpeg\" \/>\n<meta name=\"author\" content=\"Wuzi\" \/>\n<meta name=\"twitter:card\" content=\"summary_large_image\" \/>\n<meta name=\"twitter:label1\" content=\"Verfasst von\" \/>\n\t<meta name=\"twitter:data1\" content=\"Wuzi\" \/>\n\t<meta name=\"twitter:label2\" content=\"Gesch\u00e4tzte Lesezeit\" \/>\n\t<meta name=\"twitter:data2\" content=\"2\u00a0Minuten\" \/>\n<script type=\"application\/ld+json\" class=\"yoast-schema-graph\">{\"@context\":\"https:\\\/\\\/schema.org\",\"@graph\":[{\"@type\":\"Article\",\"@id\":\"https:\\\/\\\/www.bizz-magazin.de\\\/?p=1675#article\",\"isPartOf\":{\"@id\":\"https:\\\/\\\/www.bizz-magazin.de\\\/?p=1675\"},\"author\":{\"name\":\"Wuzi\",\"@id\":\"https:\\\/\\\/www.bizz-magazin.de\\\/#\\\/schema\\\/person\\\/c6248feb5d74ebf0b356a8f7a713ec15\"},\"headline\":\"Willkommen im Haus der Bayerischen Geschichte\",\"datePublished\":\"2020-07-24T10:00:10+00:00\",\"dateModified\":\"2021-05-28T12:48:55+00:00\",\"mainEntityOfPage\":{\"@id\":\"https:\\\/\\\/www.bizz-magazin.de\\\/?p=1675\"},\"wordCount\":505,\"publisher\":{\"@id\":\"https:\\\/\\\/www.bizz-magazin.de\\\/#organization\"},\"image\":{\"@id\":\"https:\\\/\\\/www.bizz-magazin.de\\\/?p=1675#primaryimage\"},\"thumbnailUrl\":\"https:\\\/\\\/www.bizz-magazin.de\\\/wp-content\\\/uploads\\\/2020\\\/07\\\/AL-0014_klein.jpg\",\"articleSection\":[\"Kultur f\u00fcr die Familie\"],\"inLanguage\":\"de\"},{\"@type\":\"WebPage\",\"@id\":\"https:\\\/\\\/www.bizz-magazin.de\\\/?p=1675\",\"url\":\"https:\\\/\\\/www.bizz-magazin.de\\\/?p=1675\",\"name\":\"Willkommen im Haus der Bayerischen Geschichte - BIZZ Magazin\",\"isPartOf\":{\"@id\":\"https:\\\/\\\/www.bizz-magazin.de\\\/#website\"},\"primaryImageOfPage\":{\"@id\":\"https:\\\/\\\/www.bizz-magazin.de\\\/?p=1675#primaryimage\"},\"image\":{\"@id\":\"https:\\\/\\\/www.bizz-magazin.de\\\/?p=1675#primaryimage\"},\"thumbnailUrl\":\"https:\\\/\\\/www.bizz-magazin.de\\\/wp-content\\\/uploads\\\/2020\\\/07\\\/AL-0014_klein.jpg\",\"datePublished\":\"2020-07-24T10:00:10+00:00\",\"dateModified\":\"2021-05-28T12:48:55+00:00\",\"breadcrumb\":{\"@id\":\"https:\\\/\\\/www.bizz-magazin.de\\\/?p=1675#breadcrumb\"},\"inLanguage\":\"de\",\"potentialAction\":[{\"@type\":\"ReadAction\",\"target\":[\"https:\\\/\\\/www.bizz-magazin.de\\\/?p=1675\"]}]},{\"@type\":\"ImageObject\",\"inLanguage\":\"de\",\"@id\":\"https:\\\/\\\/www.bizz-magazin.de\\\/?p=1675#primaryimage\",\"url\":\"https:\\\/\\\/www.bizz-magazin.de\\\/wp-content\\\/uploads\\\/2020\\\/07\\\/AL-0014_klein.jpg\",\"contentUrl\":\"https:\\\/\\\/www.bizz-magazin.de\\\/wp-content\\\/uploads\\\/2020\\\/07\\\/AL-0014_klein.jpg\",\"width\":2303,\"height\":1535,\"caption\":\"Aussenansicht Museum Haus der Bayerischen Geschichte Donaumarkt 1 93047 Regensburg Foto: altrofoto.de\"},{\"@type\":\"BreadcrumbList\",\"@id\":\"https:\\\/\\\/www.bizz-magazin.de\\\/?p=1675#breadcrumb\",\"itemListElement\":[{\"@type\":\"ListItem\",\"position\":1,\"name\":\"Startseite\",\"item\":\"https:\\\/\\\/www.bizz-magazin.de\\\/\"},{\"@type\":\"ListItem\",\"position\":2,\"name\":\"Willkommen im Haus der Bayerischen Geschichte\"}]},{\"@type\":\"WebSite\",\"@id\":\"https:\\\/\\\/www.bizz-magazin.de\\\/#website\",\"url\":\"https:\\\/\\\/www.bizz-magazin.de\\\/\",\"name\":\"BIZZ Magazin\",\"description\":\"Das Familien.Erlebnis.Magazin\",\"publisher\":{\"@id\":\"https:\\\/\\\/www.bizz-magazin.de\\\/#organization\"},\"potentialAction\":[{\"@type\":\"SearchAction\",\"target\":{\"@type\":\"EntryPoint\",\"urlTemplate\":\"https:\\\/\\\/www.bizz-magazin.de\\\/?s={search_term_string}\"},\"query-input\":{\"@type\":\"PropertyValueSpecification\",\"valueRequired\":true,\"valueName\":\"search_term_string\"}}],\"inLanguage\":\"de\"},{\"@type\":\"Organization\",\"@id\":\"https:\\\/\\\/www.bizz-magazin.de\\\/#organization\",\"name\":\"BIZZ Magazin\",\"url\":\"https:\\\/\\\/www.bizz-magazin.de\\\/\",\"logo\":{\"@type\":\"ImageObject\",\"inLanguage\":\"de\",\"@id\":\"https:\\\/\\\/www.bizz-magazin.de\\\/#\\\/schema\\\/logo\\\/image\\\/\",\"url\":\"https:\\\/\\\/www.bizz-magazin.de\\\/wp-content\\\/uploads\\\/2020\\\/01\\\/BIZZ-Logo-2020_rot_15K.png\",\"contentUrl\":\"https:\\\/\\\/www.bizz-magazin.de\\\/wp-content\\\/uploads\\\/2020\\\/01\\\/BIZZ-Logo-2020_rot_15K.png\",\"width\":1986,\"height\":609,\"caption\":\"BIZZ Magazin\"},\"image\":{\"@id\":\"https:\\\/\\\/www.bizz-magazin.de\\\/#\\\/schema\\\/logo\\\/image\\\/\"},\"sameAs\":[\"https:\\\/\\\/www.facebook.com\\\/bizzmagazin\",\"https:\\\/\\\/www.instagram.com\\\/bizzmagazin\\\/\"]},{\"@type\":\"Person\",\"@id\":\"https:\\\/\\\/www.bizz-magazin.de\\\/#\\\/schema\\\/person\\\/c6248feb5d74ebf0b356a8f7a713ec15\",\"name\":\"Wuzi\",\"image\":{\"@type\":\"ImageObject\",\"inLanguage\":\"de\",\"@id\":\"https:\\\/\\\/secure.gravatar.com\\\/avatar\\\/63b08c061ba1cc594db4925c8e89786ae2ada3b5112b8d2cd6fd98e7e6632643?s=96&d=mm&r=g\",\"url\":\"https:\\\/\\\/secure.gravatar.com\\\/avatar\\\/63b08c061ba1cc594db4925c8e89786ae2ada3b5112b8d2cd6fd98e7e6632643?s=96&d=mm&r=g\",\"contentUrl\":\"https:\\\/\\\/secure.gravatar.com\\\/avatar\\\/63b08c061ba1cc594db4925c8e89786ae2ada3b5112b8d2cd6fd98e7e6632643?s=96&d=mm&r=g\",\"caption\":\"Wuzi\"},\"url\":\"https:\\\/\\\/www.bizz-magazin.de\\\/?author=2\"}]}<\/script>\n<!-- \/ Yoast SEO plugin. -->","yoast_head_json":{"title":"Willkommen im Haus der Bayerischen Geschichte - BIZZ Magazin","robots":{"index":"index","follow":"follow","max-snippet":"max-snippet:-1","max-image-preview":"max-image-preview:large","max-video-preview":"max-video-preview:-1"},"canonical":"https:\/\/www.bizz-magazin.de\/?p=1675","og_locale":"de_DE","og_type":"article","og_title":"Willkommen im Haus der Bayerischen Geschichte - BIZZ Magazin","og_description":"Es ist das neue Tor zur UNESCO-Welterbestadt Regensburg: Das Haus der Bayerischen Geschichte wurde im Juni 2019 er\u00f6ffnet und zeigt die Entstehung des modernen Bayerns. Im lichtdurchfluteten Foyer begr\u00fc\u00dft ein \u00fcber vier Meter gro\u00dfer L\u00f6we die Besucher. Das Foyer ist kostenfrei zug\u00e4nglich und dient als Flaniermeile zwischen Altstadt und Donau.Kostenfreies Foyer Ein spektakul\u00e4rer Film erwartet [&hellip;]","og_url":"https:\/\/www.bizz-magazin.de\/?p=1675","og_site_name":"BIZZ Magazin","article_publisher":"https:\/\/www.facebook.com\/bizzmagazin","article_published_time":"2020-07-24T10:00:10+00:00","article_modified_time":"2021-05-28T12:48:55+00:00","og_image":[{"width":2303,"height":1535,"url":"https:\/\/www.bizz-magazin.de\/wp-content\/uploads\/2020\/07\/AL-0014_klein.jpg","type":"image\/jpeg"}],"author":"Wuzi","twitter_card":"summary_large_image","twitter_misc":{"Verfasst von":"Wuzi","Gesch\u00e4tzte Lesezeit":"2\u00a0Minuten"},"schema":{"@context":"https:\/\/schema.org","@graph":[{"@type":"Article","@id":"https:\/\/www.bizz-magazin.de\/?p=1675#article","isPartOf":{"@id":"https:\/\/www.bizz-magazin.de\/?p=1675"},"author":{"name":"Wuzi","@id":"https:\/\/www.bizz-magazin.de\/#\/schema\/person\/c6248feb5d74ebf0b356a8f7a713ec15"},"headline":"Willkommen im Haus der Bayerischen Geschichte","datePublished":"2020-07-24T10:00:10+00:00","dateModified":"2021-05-28T12:48:55+00:00","mainEntityOfPage":{"@id":"https:\/\/www.bizz-magazin.de\/?p=1675"},"wordCount":505,"publisher":{"@id":"https:\/\/www.bizz-magazin.de\/#organization"},"image":{"@id":"https:\/\/www.bizz-magazin.de\/?p=1675#primaryimage"},"thumbnailUrl":"https:\/\/www.bizz-magazin.de\/wp-content\/uploads\/2020\/07\/AL-0014_klein.jpg","articleSection":["Kultur f\u00fcr die Familie"],"inLanguage":"de"},{"@type":"WebPage","@id":"https:\/\/www.bizz-magazin.de\/?p=1675","url":"https:\/\/www.bizz-magazin.de\/?p=1675","name":"Willkommen im Haus der Bayerischen Geschichte - BIZZ Magazin","isPartOf":{"@id":"https:\/\/www.bizz-magazin.de\/#website"},"primaryImageOfPage":{"@id":"https:\/\/www.bizz-magazin.de\/?p=1675#primaryimage"},"image":{"@id":"https:\/\/www.bizz-magazin.de\/?p=1675#primaryimage"},"thumbnailUrl":"https:\/\/www.bizz-magazin.de\/wp-content\/uploads\/2020\/07\/AL-0014_klein.jpg","datePublished":"2020-07-24T10:00:10+00:00","dateModified":"2021-05-28T12:48:55+00:00","breadcrumb":{"@id":"https:\/\/www.bizz-magazin.de\/?p=1675#breadcrumb"},"inLanguage":"de","potentialAction":[{"@type":"ReadAction","target":["https:\/\/www.bizz-magazin.de\/?p=1675"]}]},{"@type":"ImageObject","inLanguage":"de","@id":"https:\/\/www.bizz-magazin.de\/?p=1675#primaryimage","url":"https:\/\/www.bizz-magazin.de\/wp-content\/uploads\/2020\/07\/AL-0014_klein.jpg","contentUrl":"https:\/\/www.bizz-magazin.de\/wp-content\/uploads\/2020\/07\/AL-0014_klein.jpg","width":2303,"height":1535,"caption":"Aussenansicht Museum Haus der Bayerischen Geschichte Donaumarkt 1 93047 Regensburg Foto: altrofoto.de"},{"@type":"BreadcrumbList","@id":"https:\/\/www.bizz-magazin.de\/?p=1675#breadcrumb","itemListElement":[{"@type":"ListItem","position":1,"name":"Startseite","item":"https:\/\/www.bizz-magazin.de\/"},{"@type":"ListItem","position":2,"name":"Willkommen im Haus der Bayerischen Geschichte"}]},{"@type":"WebSite","@id":"https:\/\/www.bizz-magazin.de\/#website","url":"https:\/\/www.bizz-magazin.de\/","name":"BIZZ Magazin","description":"Das Familien.Erlebnis.Magazin","publisher":{"@id":"https:\/\/www.bizz-magazin.de\/#organization"},"potentialAction":[{"@type":"SearchAction","target":{"@type":"EntryPoint","urlTemplate":"https:\/\/www.bizz-magazin.de\/?s={search_term_string}"},"query-input":{"@type":"PropertyValueSpecification","valueRequired":true,"valueName":"search_term_string"}}],"inLanguage":"de"},{"@type":"Organization","@id":"https:\/\/www.bizz-magazin.de\/#organization","name":"BIZZ Magazin","url":"https:\/\/www.bizz-magazin.de\/","logo":{"@type":"ImageObject","inLanguage":"de","@id":"https:\/\/www.bizz-magazin.de\/#\/schema\/logo\/image\/","url":"https:\/\/www.bizz-magazin.de\/wp-content\/uploads\/2020\/01\/BIZZ-Logo-2020_rot_15K.png","contentUrl":"https:\/\/www.bizz-magazin.de\/wp-content\/uploads\/2020\/01\/BIZZ-Logo-2020_rot_15K.png","width":1986,"height":609,"caption":"BIZZ Magazin"},"image":{"@id":"https:\/\/www.bizz-magazin.de\/#\/schema\/logo\/image\/"},"sameAs":["https:\/\/www.facebook.com\/bizzmagazin","https:\/\/www.instagram.com\/bizzmagazin\/"]},{"@type":"Person","@id":"https:\/\/www.bizz-magazin.de\/#\/schema\/person\/c6248feb5d74ebf0b356a8f7a713ec15","name":"Wuzi","image":{"@type":"ImageObject","inLanguage":"de","@id":"https:\/\/secure.gravatar.com\/avatar\/63b08c061ba1cc594db4925c8e89786ae2ada3b5112b8d2cd6fd98e7e6632643?s=96&d=mm&r=g","url":"https:\/\/secure.gravatar.com\/avatar\/63b08c061ba1cc594db4925c8e89786ae2ada3b5112b8d2cd6fd98e7e6632643?s=96&d=mm&r=g","contentUrl":"https:\/\/secure.gravatar.com\/avatar\/63b08c061ba1cc594db4925c8e89786ae2ada3b5112b8d2cd6fd98e7e6632643?s=96&d=mm&r=g","caption":"Wuzi"},"url":"https:\/\/www.bizz-magazin.de\/?author=2"}]}},"_links":{"self":[{"href":"https:\/\/www.bizz-magazin.de\/index.php?rest_route=\/wp\/v2\/posts\/1675","targetHints":{"allow":["GET"]}}],"collection":[{"href":"https:\/\/www.bizz-magazin.de\/index.php?rest_route=\/wp\/v2\/posts"}],"about":[{"href":"https:\/\/www.bizz-magazin.de\/index.php?rest_route=\/wp\/v2\/types\/post"}],"author":[{"embeddable":true,"href":"https:\/\/www.bizz-magazin.de\/index.php?rest_route=\/wp\/v2\/users\/2"}],"replies":[{"embeddable":true,"href":"https:\/\/www.bizz-magazin.de\/index.php?rest_route=%2Fwp%2Fv2%2Fcomments&post=1675"}],"version-history":[{"count":10,"href":"https:\/\/www.bizz-magazin.de\/index.php?rest_route=\/wp\/v2\/posts\/1675\/revisions"}],"predecessor-version":[{"id":2023,"href":"https:\/\/www.bizz-magazin.de\/index.php?rest_route=\/wp\/v2\/posts\/1675\/revisions\/2023"}],"wp:featuredmedia":[{"embeddable":true,"href":"https:\/\/www.bizz-magazin.de\/index.php?rest_route=\/wp\/v2\/media\/1792"}],"wp:attachment":[{"href":"https:\/\/www.bizz-magazin.de\/index.php?rest_route=%2Fwp%2Fv2%2Fmedia&parent=1675"}],"wp:term":[{"taxonomy":"category","embeddable":true,"href":"https:\/\/www.bizz-magazin.de\/index.php?rest_route=%2Fwp%2Fv2%2Fcategories&post=1675"},{"taxonomy":"post_tag","embeddable":true,"href":"https:\/\/www.bizz-magazin.de\/index.php?rest_route=%2Fwp%2Fv2%2Ftags&post=1675"}],"curies":[{"name":"wp","href":"https:\/\/api.w.org\/{rel}","templated":true}]}}